[{"@context":"https:\/\/schema.org\/","@type":"Article","@id":"https:\/\/www.baff.sk\/makucka-kozusina-ma-svoje-miesto-v-kazdom-interieri-nehladiac-na-jeho-styl\/#Article","mainEntityOfPage":"https:\/\/www.baff.sk\/makucka-kozusina-ma-svoje-miesto-v-kazdom-interieri-nehladiac-na-jeho-styl\/","headline":"M\u00e4ku\u010dk\u00e1 ko\u017eu\u0161ina m\u00e1 svoje miesto v ka\u017edom interi\u00e9ri, neh\u013eadiac na jeho \u0161t\u00fdl","name":"M\u00e4ku\u010dk\u00e1 ko\u017eu\u0161ina m\u00e1 svoje miesto v ka\u017edom interi\u00e9ri, neh\u013eadiac na jeho \u0161t\u00fdl","description":"Koberce sme v jednom obdob\u00ed z interi\u00e9rov takmer \u00faplne vyl\u00fa\u010dili, no dnes sa vracaj\u00fa v [&hellip;]","datePublished":"2025-09-02","dateModified":"2025-09-02","author":{"@type":"Person","@id":"https:\/\/www.baff.sk\/author\/#Person","name":"","url":"https:\/\/www.baff.sk\/author\/","identifier":1,"image":{"@type":"ImageObject","@id":"https:\/\/secure.gravatar.com\/avatar\/0004469d2196026c4aaacbb56e80b8fe204b91e98e8d884732a12310e081011a?s=96&d=mm&r=g","url":"https:\/\/secure.gravatar.com\/avatar\/0004469d2196026c4aaacbb56e80b8fe204b91e98e8d884732a12310e081011a?s=96&d=mm&r=g","height":96,"width":96}},"publisher":{"@type":"Organization","name":"baff.sk","logo":{"@type":"ImageObject","@id":"\/logo.png","url":"\/logo.png","width":600,"height":60}},"image":{"@type":"ImageObject","@id":"https:\/\/www.baff.sk\/wp-content\/uploads\/carpet-2476048_640_1.jpg","url":"https:\/\/www.baff.sk\/wp-content\/uploads\/carpet-2476048_640_1.jpg","height":0,"width":0},"url":"https:\/\/www.baff.sk\/makucka-kozusina-ma-svoje-miesto-v-kazdom-interieri-nehladiac-na-jeho-styl\/","about":["N\u00e1kupy"],"wordCount":456,"articleBody":"   Koberce sme v jednom obdob\u00ed z interi\u00e9rov takmer \u00faplne vyl\u00fa\u010dili, no dnes sa vracaj\u00fa v plnej kr\u00e1se a \u010doraz viac dom\u00e1cnost\u00ed si ich zabezpe\u010duje v r\u00f4znych vari\u00e1ci\u00e1ch, nemus\u00ed to by\u0165 koberec na cel\u00fa plochu miestnosti, ale iba beh\u00fa\u0148 alebo predlo\u017eka pred poste\u013e \u010di gau\u010d a podobne. Takto dosiahneme ove\u013ea teplej\u0161\u00ed a \u00fatulnej\u0161\u00ed pocit v priestore. Zabori\u0165 si bos\u00e9 nohy do teplej ko\u017eu\u0161iny, ke\u010f vonku z\u00faria mrazy, je super pocit. Koberce a predlo\u017eky z ov\u010dej vlny a ko\u017eu\u0161iny sa stali popul\u00e1rne nielen v interi\u00e9roch ch\u00e1t a chal\u00fap, ale aj v bytoch \u010di rodinn\u00fdch domoch si na\u0161li svoje miesto. Je to pr\u00edrodn\u00fd materi\u00e1l a m\u00e1 dlh\u00fa \u017eivotnos\u0165, hlavne kv\u00f4li obsahu lanol\u00ednu, \u010do je pr\u00edrodn\u00fd olej, ktor\u00fd zaist\u00ed jeho jednoduch\u00fa \u00fadr\u017ebu. Pou\u017ei\u0165 sa d\u00e1 ko\u017eu\u0161inov\u00fd koberec na ka\u017ed\u00fd typ podlahovej krytiny. Ka\u017ed\u00e9mu je jasn\u00e9, \u017ee \u013eudstvo sa vracia k overen\u00fdm a kvalitn\u00fdm materi\u00e1lom na pr\u00edrodnej b\u00e1ze, preto\u017ee s\u00fa z\u00e1rukou dlhej \u017eivotnosti a neza\u0165a\u017euj\u00fa \u017eivotn\u00e9 prostredie, s\u00fa ekologick\u00e9, pr\u00edjemn\u00e9 na dotyk, vhodn\u00e9 aj do elegantn\u00fdch interi\u00e9rov, ktor\u00e9 e\u0161te viac vyzdvihn\u00fa a pod\u010diarknu ich luxusn\u00e9 prevedenie. Ka\u017ed\u00fd \u0161t\u00fdl obohatia svojou kr\u00e1sou a s\u00fa pr\u00ednosom aj z h\u013eadiska z\u00fatulnenia a oteplenia priestoru. Dobre sa osved\u010dia v sp\u00e1lni, ob\u00fdvacej izbe, ale aj v priestoroch, ur\u010den\u00fdch pre deti. Z ko\u017eu\u0161iny sa ne\u0161ij\u00fa celoplo\u0161n\u00e9 koberce, ale ide o men\u0161ie k\u00fasky v rozli\u010dn\u00fdch tvaroch, napr\u00edklad nepravideln\u00fd tvar, tvar ov\u00e1lu, obd\u013a\u017enika \u010di kruhu, luxusne p\u00f4sob\u00ed aj ko\u017eu\u0161inov\u00fd patchwork, teda koberec poskladan\u00fd zo 6 ov\u010d\u00edch ko\u017eu\u0161\u00edn. Na jeho v\u00fdrobu s\u00fa potrebn\u00e9 100% ov\u010die ko\u017eu\u0161iny, ktor\u00e9 sa pozo\u0161\u00edvaj\u00fa do \u017eiadan\u00e9ho tvaru. Vytvoria tak zauj\u00edmav\u00fd a origin\u00e1lny typ koberca do ka\u017ed\u00e9ho priestoru. V\u010faka nemu v\u00e1m bude v zime teplo a v lete pr\u00edjemne chladivo, je antibakteri\u00e1lny, vhodn\u00fd aj pre \u013eud\u00ed s alergiami a pre deti, odol\u00e1va prachu a ne\u010distot\u00e1m a jeho \u00fadr\u017eba je ve\u013emi jednoduch\u00e1. Bonusom je dlh\u00e1 \u017eivotnos\u0165. Nielen \u013eudia, ale aj zvierat\u00e1 miluj\u00fa ko\u017eu\u0161inky, ma\u010dky aj psy sa radi na nich v\u00e1\u013eaj\u00fa a oddychuj\u00fa. Ka\u017ed\u00e1 ko\u017eu\u0161ina je v\u0161ak origin\u00e1l, nen\u00e1jdete dve rovnak\u00e9. V\u010faka nej budete vn\u00edma\u0165 svoj priestor ako luxusn\u00fd, elegantn\u00fd a z\u00e1rove\u0148 tepl\u00fd. S\u00fa v\u00fdnimo\u010dn\u00e9 a vhodn\u00e9 na dosiahnutie prepojenia trad\u00edci\u00ed s modern\u00fdmi prvkami.                                                                                                                                                                                                                                                                                                                                                                                          3.6\/5 - (8 votes)        "},{"@context":"https:\/\/schema.org\/","@type":"BreadcrumbList","itemListElement":[{"@type":"ListItem","position":1,"name":"M\u00e4ku\u010dk\u00e1 ko\u017eu\u0161ina m\u00e1 svoje miesto v ka\u017edom interi\u00e9ri, neh\u013eadiac na jeho \u0161t\u00fdl","item":"https:\/\/www.baff.sk\/makucka-kozusina-ma-svoje-miesto-v-kazdom-interieri-nehladiac-na-jeho-styl\/#breadcrumbitem"}]}]