[{"@context":"https:\/\/schema.org\/","@type":"Article","@id":"https:\/\/www.baff.sk\/blizi-sa-silvester-podme-sa-zblaznit\/#Article","mainEntityOfPage":"https:\/\/www.baff.sk\/blizi-sa-silvester-podme-sa-zblaznit\/","headline":"Bl\u00ed\u017ei sa Silvester, po\u010fme sa zbl\u00e1zni\u0165","name":"Bl\u00ed\u017ei sa Silvester, po\u010fme sa zbl\u00e1zni\u0165","description":"\u2022\u00a0\u00a0\u00a0\u00a0\u00a0\u00a0\u00a0\u00a0 Bl\u00ed\u017ei sa Silvester a teda ten povestn\u00fd posledn\u00fd de\u0148\u00a0 v roku. \u2022\u00a0\u00a0\u00a0\u00a0\u00a0\u00a0\u00a0\u00a0 Bude n\u00e1s [&hellip;]","datePublished":"2017-10-15","dateModified":"2023-04-28","author":{"@type":"Person","@id":"https:\/\/www.baff.sk\/author\/#Person","name":"","url":"https:\/\/www.baff.sk\/author\/","identifier":1,"image":{"@type":"ImageObject","@id":"https:\/\/secure.gravatar.com\/avatar\/0004469d2196026c4aaacbb56e80b8fe204b91e98e8d884732a12310e081011a?s=96&d=mm&r=g","url":"https:\/\/secure.gravatar.com\/avatar\/0004469d2196026c4aaacbb56e80b8fe204b91e98e8d884732a12310e081011a?s=96&d=mm&r=g","height":96,"width":96}},"publisher":{"@type":"Organization","name":"baff.sk","logo":{"@type":"ImageObject","@id":"\/logo.png","url":"\/logo.png","width":600,"height":60}},"image":{"@type":"ImageObject","@id":"https:\/\/www.baff.sk\/wp-content\/uploads\/img_a283781_w2016_t1513352202.jpg","url":"https:\/\/www.baff.sk\/wp-content\/uploads\/img_a283781_w2016_t1513352202.jpg","height":0,"width":0},"url":"https:\/\/www.baff.sk\/blizi-sa-silvester-podme-sa-zblaznit\/","wordCount":445,"articleBody":"\u2022\u00a0\u00a0\u00a0\u00a0\u00a0\u00a0\u00a0\u00a0 Bl\u00ed\u017ei sa Silvester a teda ten povestn\u00fd posledn\u00fd de\u0148\u00a0 v roku.\u2022\u00a0\u00a0\u00a0\u00a0\u00a0\u00a0\u00a0\u00a0 Bude n\u00e1s ve\u013ea, ktor\u00ed v sebe poc\u00edtime ur\u010dit\u00fa povinnos\u0165, aby sme ten posledn\u00fd de\u0148 pre\u017eili v nejakej najpr\u00edjemnej\u0161ej a najsympatickej\u0161ej atmosf\u00e9re.Uk\u00e1\u017ekov\u00fd de\u0148, ktor\u00fd bude pr\u00edjemn\u00fdm, sympatick\u00fdm a budem s jeho str\u00e1ven\u00edm spokojn\u00fd. \u010co si pod t\u00fdm predstav\u00edm?Predstava, v ktorej budem o polnoci v tme a brut\u00e1lnej zime unaven\u00fdmi, kr\u00edvaj\u00facimi a podnapit\u00fdmi krokmi kr\u00e1\u010da\u0165 po chodn\u00edku, pri\u010dom mi bude dv\u00edha\u0165 \u017eal\u00fadok z mno\u017estva liehov\u00edn, budem zle vidie\u0165, bude sa mi to\u010di\u0165 hlava, \u010di v takomto stave nedajbo\u017ee spadnem do kr\u00edkov a zamrznem, predstava, kedy sa budem chcie\u0165 s chu\u0165ou vyspa\u0165, no ostatn\u00ed ma bud\u00fa presvied\u010da\u0165, aby som e\u0161te ne\u0161iel spa\u0165, predstava, kedy sa prejem a\u017e priberiem 5 kilov, \u010di predstava, v ktorej budem susedov ru\u0161i\u0165 delobuchmi, alebo si pri ich pou\u017e\u00edvan\u00ed odstrel\u00edm prsty na ruke, tak\u00e9 predstavy si akosi neviem spoji\u0165 s predstavou ide\u00e1lneho, pr\u00edjemn\u00e9ho, sympatick\u00e9ho a uk\u00e1\u017ekov\u00e9ho d\u0148a.\u2022\u00a0\u00a0\u00a0\u00a0\u00a0\u00a0\u00a0\u00a0 Ak toto \u010d\u00edtate, mo\u017eno som Va\u0161e sympatie nez\u00edskal a mo\u017eno ste si o mne vytvorili predstavu, \u017ee som nejak\u00fd nez\u00e1\u017eivn\u00fd such\u00e1r, ktor\u00fd in\u00fdm z\u00e1vid\u00ed. Verte mi, nie som such\u00e1r a v\u00f4bec nez\u00e1vid\u00edm!Rozhodne nem\u00e1m ni\u010d proti tomu, ak sa \u013eudia stretn\u00fa a s chuti sa zabavia. V\u00f4bec mi nevad\u00ed, ak si zaspievaj\u00fa, \u010di poriadne sa od srdca zasmej\u00fa a str\u00e1via spolu z\u00e1bavn\u00e9 chv\u00ed\u013ee. Ale ide mi o t\u00fa podstatu, \u010di naozaj t\u00e1 chv\u00ed\u013ea bude o z\u00e1ujme o na\u0161ich bl\u00edzkych a \u010di sa ozaj z chuti a \u00faprimne zasmejeme, alebo sa len priotr\u00e1vime alkoholom a budeme sa smia\u0165, lebo n\u00e1m skr\u00e1tka bude \u0161iba\u0165.Chcem t\u00fdm poveda\u0165, \u017ee je pravda, \u017ee ten de\u0148 bude nie\u010d\u00edm v\u00fdnimo\u010dn\u00fd. Ale pre\u010do sme zvykli iba na t\u00fato trad\u00edciu, kedy sa mnoh\u00ed za\u010dn\u00fa stresova\u0165 pl\u00e1novan\u00edm &#8222;brut\u00e1lnej&#8220; akcie, kedy ve\u013ea z\u00fa\u010dastnen\u00edm aj tak nakoniec bude zle od \u017eal\u00fadka, alebo im vybuchne petarda v ruke? Vari nepozn\u00e1me aj ve\u013ea in\u00fdch predst\u00e1v, ktor\u00e9 zah\u0155\u0148aj\u00fa pojem sympatick\u00fd, pr\u00edjemn\u00fd a uk\u00e1\u017ekov\u00fd de\u0148?Mysl\u00edm si, \u017ee som si vedom\u00fd trad\u00edcie. Zobral som doslova porekadlo \u010di v\u00fdrok: &#8220; Ako na nov\u00fd rok, tak po cel\u00fd rok.&#8220; A ja nechcem za\u010da\u0165 nov\u00fd rok zmrznut\u00fd, nevyspat\u00fd, prepit\u00fd, prejeden\u00fd a bez prstov na ruke.                                                                                                                                                                                                                                                                                                                                                                                        3.9\/5 - (12 votes)        "},{"@context":"https:\/\/schema.org\/","@type":"BreadcrumbList","itemListElement":[{"@type":"ListItem","position":1,"name":"Bl\u00ed\u017ei sa Silvester, po\u010fme sa zbl\u00e1zni\u0165","item":"https:\/\/www.baff.sk\/blizi-sa-silvester-podme-sa-zblaznit\/#breadcrumbitem"}]}]